{"id":2028,"date":"2026-09-04T12:04:18","date_gmt":"2026-09-04T11:04:18","guid":{"rendered":"https:\/\/iesmaimonides.es\/?p=2028"},"modified":"2026-09-04T12:04:18","modified_gmt":"2026-09-04T11:04:18","slug":"calendario-presentaciones-inicio-curso-2026-27","status":"publish","type":"post","link":"https:\/\/iesmaimonides.es\/?p=2028","title":{"rendered":"CALENDARIO PRESENTACIONES INICIO CURSO 2026\/27"},"content":{"rendered":"<p>Les informamos de que el alumnado se incorporar\u00e1 al centro el pr\u00f3ximo 15 de septiembre, martes, en el horario que se indica en el siguiente documento: Cuadrante presentaciones grupos. Recomendamos consultar el documento el mismo d\u00eda de la recepci\u00f3n en caso de alguna modificaci\u00f3n. La recepci\u00f3n del alumnado de 1\u00ba de la ESO y 1\u00ba [\u2026]<div class=\"wp-block-pdfemb-pdf-embedder-viewer\"><a href=\"https:\/\/iesmaimonides.es\/wp-content\/uploads\/2026\/09\/Cuadrante-recepcion-del-alumnado.pdf\" class=\"pdfemb-viewer\" style=\"\" data-width=\"max\" data-height=\"max\" data-toolbar=\"bottom\" data-toolbar-fixed=\"off\">Cuadrante recepci\u00f3n del alumnado.<\/a><\/div><\/p>\n","protected":false},"excerpt":{"rendered":"<p>Les informamos de que el alumnado se incorporar\u00e1 al centro el pr\u00f3ximo 15 de septiembre, martes, en el horario que se indica en el siguiente documento: Cuadrante presentaciones grupos. Recomendamos consultar el documento el mismo d\u00eda de la recepci\u00f3n en caso de alguna modificaci\u00f3n. La recepci\u00f3n del alumnado de 1\u00ba de la ESO y 1\u00ba [&hellip;]<\/p>\n","protected":false},"author":7,"featured_media":0,"comment_status":"closed","ping_status":"closed","sticky":false,"template":"","format":"standard","meta":{"_jetpack_memberships_contains_paid_content":false,"footnotes":""},"categories":[1],"tags":[],"class_list":["post-2028","post","type-post","status-publish","format-standard","hentry","category-uncategorized"],"jetpack_featured_media_url":"","jetpack_sharing_enabled":true,"_links":{"self":[{"href":"https:\/\/iesmaimonides.es\/index.php?rest_route=\/wp\/v2\/posts\/2028","targetHints":{"allow":["GET"]}}],"collection":[{"href":"https:\/\/iesmaimonides.es\/index.php?rest_route=\/wp\/v2\/posts"}],"about":[{"href":"https:\/\/iesmaimonides.es\/index.php?rest_route=\/wp\/v2\/types\/post"}],"author":[{"embeddable":true,"href":"https:\/\/iesmaimonides.es\/index.php?rest_route=\/wp\/v2\/users\/7"}],"replies":[{"embeddable":true,"href":"https:\/\/iesmaimonides.es\/index.php?rest_route=%2Fwp%2Fv2%2Fcomments&post=2028"}],"version-history":[{"count":1,"href":"https:\/\/iesmaimonides.es\/index.php?rest_route=\/wp\/v2\/posts\/2028\/revisions"}],"predecessor-version":[{"id":2030,"href":"https:\/\/iesmaimonides.es\/index.php?rest_route=\/wp\/v2\/posts\/2028\/revisions\/2030"}],"wp:attachment":[{"href":"https:\/\/iesmaimonides.es\/index.php?rest_route=%2Fwp%2Fv2%2Fmedia&parent=2028"}],"wp:term":[{"taxonomy":"category","embeddable":true,"href":"https:\/\/iesmaimonides.es\/index.php?rest_route=%2Fwp%2Fv2%2Fcategories&post=2028"},{"taxonomy":"post_tag","embeddable":true,"href":"https:\/\/iesmaimonides.es\/index.php?rest_route=%2Fwp%2Fv2%2Ftags&post=2028"}],"curies":[{"name":"wp","href":"https:\/\/api.w.org\/{rel}","templated":true}]}}