{"id":1913,"date":"2026-01-27T09:22:56","date_gmt":"2026-01-27T08:22:56","guid":{"rendered":"https:\/\/iesmaimonides.es\/?p=1913"},"modified":"2026-01-27T09:22:56","modified_gmt":"2026-01-27T08:22:56","slug":"1913","status":"publish","type":"post","link":"https:\/\/iesmaimonides.es\/?p=1913","title":{"rendered":""},"content":{"rendered":"<style>\n    .fp-news-container {\n        font-family: 'Segoe UI', Roboto, Helvetica, Arial, sans-serif;\n        line-height: 1.6;\n        color: #333;\n        max-width: 800px;\n        margin: 0 auto;\n        background: #fff;\n    }<\/p>\n<p>    .fp-news-header {\n        background-color: #005c97; \/* Azul corporativo *\/\n        color: white;\n        padding: 2rem;\n        border-radius: 8px 8px 0 0;\n        text-align: center;\n    }<\/p>\n<p>    .fp-news-header h1 {\n        margin: 0;\n        font-size: 1.8rem;\n        color: white !important;\n        line-height: 1.3;\n    }<\/p>\n<p>    .fp-news-intro {\n        padding: 1.5rem;\n        font-size: 1.1rem;\n        border-bottom: 1px solid #eee;\n    }<\/p>\n<p>    .fp-badge-section {\n        background-color: #f9f9f9;\n        border-left: 5px solid #28a745; \/* Verde esperanza\/\u00e9xito *\/\n        padding: 1.5rem;\n        margin: 1.5rem 0;\n        border-radius: 4px;\n    }<\/p>\n<p>    .fp-grid {\n        display: grid;\n        grid-template-columns: 1fr;\n        gap: 1.5rem;\n        margin: 2rem 0;\n    }<\/p>\n<p>    @media (min-width: 768px) {\n        .fp-grid {\n            grid-template-columns: 1fr 1fr;\n        }\n    }<\/p>\n<p>    .fp-card {\n        border: 1px solid #e1e1e1;\n        border-radius: 8px;\n        padding: 1.5rem;\n        box-shadow: 0 4px 6px rgba(0,0,0,0.05);\n        transition: transform 0.2s;\n    }<\/p>\n<p>    .fp-card:hover {\n        transform: translateY(-5px);\n        box-shadow: 0 6px 12px rgba(0,0,0,0.1);\n    }<\/p>\n<p>    .fp-card h3 {\n        color: #005c97;\n        margin-top: 0;\n        border-bottom: 2px solid #eee;\n        padding-bottom: 10px;\n    }<\/p>\n<p>    .fp-card img {\n        width: 100%;\n        height: auto;\n        border-radius: 4px;\n        margin-bottom: 1rem;\n        object-fit: cover;\n    }<\/p>\n<p>    .fp-quote {\n        background-color: #eef6fc;\n        padding: 2rem;\n        border-radius: 8px;\n        text-align: center;\n        font-style: italic;\n        margin-top: 2rem;\n    }\n<\/style>\n<article class=\"fp-news-container\">\n<header class=\"fp-news-header\">\n<h1>Mejora de la calidad en FP: Nueva dotaci\u00f3n tecnol\u00f3gica para el ciclo de Prevenci\u00f3n de Riesgos Profesionales<\/h1>\n<\/header>\n<section class=\"fp-news-intro\">\n<p>Nuestro instituto sigue apostando por la vanguardia en la formaci\u00f3n profesional. Gracias a la inversi\u00f3n realizada el pasado mes de diciembre, el alumnado del Ciclo Formativo de Grado Superior de Prevenci\u00f3n de Riesgos Profesionales ya cuenta con nuevos recursos para desarrollar sus competencias profesionales.<\/p>\n<\/section>\n<section class=\"fp-badge-section\">\n<div style=\"text-align: center; margin-bottom: 1rem;\">\n            <img decoding=\"async\" src=\"https:\/\/i0.wp.com\/iesmaimonides.es\/wp-content\/uploads\/2026\/01\/1.png?w=980&#038;ssl=1\" alt=\"Logotipos Ministerio y Junta de Andaluc\u00eda\" style=\"max-width: 100%; height: auto;\" data-recalc-dims=\"1\"><\/p>\n<p style=\"font-size: 0.9rem; color: #666; margin-top: 5px;\"><em>Operaci\u00f3n de Calidad en el sistema de FP (CALIDAD 2024)<\/em><\/p>\n<\/p><\/div>\n<p>Esta adquisici\u00f3n se ha llevado a cabo en el marco de la <strong>Operaci\u00f3n de Calidad en el sistema de Formaci\u00f3n Profesional (CALIDAD 2024): \u201cConectividad y equipamiento de los nuevos grupos creados en Formaci\u00f3n Profesional\u00bb<\/strong>, una iniciativa centrada en la mejora de la calidad de la Formaci\u00f3n Profesional en los centros educativos.<\/p>\n<p>Esta dotaci\u00f3n permite equipar a los grupos de nueva creaci\u00f3n con las herramientas necesarias para cumplir con los est\u00e1ndares de digitalizaci\u00f3n y especializaci\u00f3n que el sector productivo demanda.<\/p>\n<\/section>\n<h2 style=\"text-align: center; color: #333;\">\u00bfQu\u00e9 incorpora esta nueva dotaci\u00f3n?<\/h2>\n<p style=\"text-align: center;\">La inversi\u00f3n ha permitido la incorporaci\u00f3n de los siguientes recursos:<\/p>\n<div class=\"fp-grid\">\n<div class=\"fp-card\">\n            <img decoding=\"async\" src=\"https:\/\/i0.wp.com\/iesmaimonides.es\/wp-content\/uploads\/2026\/01\/2.png?w=980&#038;ssl=1\" alt=\"Cajas de ordenadores Lenovo y armario de carga\" data-recalc-dims=\"1\"><\/p>\n<h3>\ud83d\udcbb Digitalizaci\u00f3n<\/h3>\n<p><strong>17 Ordenadores Port\u00e1tiles y un Armario de Carga<\/strong>.<\/p>\n<p>Destinados a la digitalizaci\u00f3n de procesos, gesti\u00f3n de software de prevenci\u00f3n y elaboraci\u00f3n de informes t\u00e9cnicos.<\/p>\n<\/p><\/div>\n<div class=\"fp-card\">\n            <img decoding=\"async\" src=\"https:\/\/i0.wp.com\/iesmaimonides.es\/wp-content\/uploads\/2026\/01\/3.png?w=980&#038;ssl=1\" alt=\"Estanter\u00eda con equipos de medida\" data-recalc-dims=\"1\"><\/p>\n<h3>\u2699\ufe0f Equipos de Precisi\u00f3n<\/h3>\n<p><strong>Equipos de Medida Especializados<\/strong> (como son son\u00f3metros, lux\u00f3metros, anem\u00f3metros, higr\u00f3metros, etc.).<\/p>\n<p>Herramientas t\u00e9cnicas de precisi\u00f3n, esenciales para que el alumnado aprenda a evaluar riesgos ambientales, higi\u00e9nicos y f\u00edsicos en entornos laborales reales.<\/p>\n<\/p><\/div>\n<\/p><\/div>\n<section style=\"padding: 0 1rem;\">\n<p>Con la llegada de estos equipos, el centro refuerza su compromiso con una ense\u00f1anza pr\u00e1ctica y de calidad.<\/p>\n<p>El objetivo es claro: que nuestros futuros t\u00e9cnicos y t\u00e9cnicas de prevenci\u00f3n se formen en un entorno tecnol\u00f3gico avanzado, facilitando su inserci\u00f3n laboral y asegurando que dominan las herramientas que encontrar\u00e1n en las empresas.<\/p>\n<\/section>\n<div class=\"fp-quote\">\n<p>\u201cDesde la direcci\u00f3n del centro y el departamento de Qu\u00edmica, estamos convencidos de que estas herramientas ser\u00e1n clave para que nuestros futuros t\u00e9cnicos y t\u00e9cnicas de prevenci\u00f3n salgan al mundo laboral con las mejores garant\u00edas de \u00e9xito.\u201d<\/p>\n<\/p><\/div>\n<\/article>\n","protected":false},"excerpt":{"rendered":"<p>Mejora de la calidad en FP: Nueva dotaci\u00f3n tecnol\u00f3gica para el ciclo de Prevenci\u00f3n de Riesgos Profesionales Nuestro instituto sigue apostando por la vanguardia en la formaci\u00f3n profesional. Gracias a la inversi\u00f3n realizada el pasado mes de diciembre, el alumnado del Ciclo Formativo de Grado Superior de Prevenci\u00f3n de Riesgos Profesionales ya cuenta con nuevos [&hellip;]<\/p>\n","protected":false},"author":3,"featured_media":0,"comment_status":"closed","ping_status":"closed","sticky":false,"template":"","format":"standard","meta":{"_jetpack_memberships_contains_paid_content":false,"footnotes":""},"categories":[1],"tags":[],"class_list":["post-1913","post","type-post","status-publish","format-standard","hentry","category-uncategorized"],"jetpack_featured_media_url":"","jetpack_sharing_enabled":true,"_links":{"self":[{"href":"https:\/\/iesmaimonides.es\/index.php?rest_route=\/wp\/v2\/posts\/1913","targetHints":{"allow":["GET"]}}],"collection":[{"href":"https:\/\/iesmaimonides.es\/index.php?rest_route=\/wp\/v2\/posts"}],"about":[{"href":"https:\/\/iesmaimonides.es\/index.php?rest_route=\/wp\/v2\/types\/post"}],"author":[{"embeddable":true,"href":"https:\/\/iesmaimonides.es\/index.php?rest_route=\/wp\/v2\/users\/3"}],"replies":[{"embeddable":true,"href":"https:\/\/iesmaimonides.es\/index.php?rest_route=%2Fwp%2Fv2%2Fcomments&post=1913"}],"version-history":[{"count":3,"href":"https:\/\/iesmaimonides.es\/index.php?rest_route=\/wp\/v2\/posts\/1913\/revisions"}],"predecessor-version":[{"id":1917,"href":"https:\/\/iesmaimonides.es\/index.php?rest_route=\/wp\/v2\/posts\/1913\/revisions\/1917"}],"wp:attachment":[{"href":"https:\/\/iesmaimonides.es\/index.php?rest_route=%2Fwp%2Fv2%2Fmedia&parent=1913"}],"wp:term":[{"taxonomy":"category","embeddable":true,"href":"https:\/\/iesmaimonides.es\/index.php?rest_route=%2Fwp%2Fv2%2Fcategories&post=1913"},{"taxonomy":"post_tag","embeddable":true,"href":"https:\/\/iesmaimonides.es\/index.php?rest_route=%2Fwp%2Fv2%2Ftags&post=1913"}],"curies":[{"name":"wp","href":"https:\/\/api.w.org\/{rel}","templated":true}]}}