{"id":1896,"date":"2025-09-09T15:48:13","date_gmt":"2025-09-09T14:48:13","guid":{"rendered":"https:\/\/iesmaimonides.es\/?p=1896"},"modified":"2025-09-09T16:19:38","modified_gmt":"2025-09-09T15:19:38","slug":"calendario-presentaciones-incio-de-curso-2025-26","status":"publish","type":"post","link":"https:\/\/iesmaimonides.es\/?p=1896","title":{"rendered":"CALENDARIO PRESENTACIONES INICIO DE CURSO 2025\/26"},"content":{"rendered":"<p>Les informamos de que el alumnado se incorporar\u00e1 al centro el pr\u00f3ximo 15 de septiembre, lunes, en el horario que se indica en el siguiente documento:<\/p>\n<p><a href=\"https:\/\/docs.google.com\/document\/d\/1pJV8bFsjwEGbMgleMUOjNSM-z3zo5pDarws7o9Hmk4A\/edit?usp=sharing\">Cuadrante presentaciones grupos<\/a>.<\/p>\n<p>Recomendamos consultar el documento el mismo d\u00eda de la recepci\u00f3n en caso de alguna modificaci\u00f3n.<\/p>\n<p>La recepci\u00f3n del alumnado de 1\u00ba de la ESO y 1\u00ba de los Ciclos Formativos de Grado B\u00e1sico se realizar\u00e1, en un primer momento, en el sal\u00f3n de actos por parte del Equipo Directivo y del Departamento de Orientaci\u00f3n, que dar\u00e1 la bienvenida e informar\u00e1 sobre aspectos importantes del curso que empieza. A este acto quedan invitados los padres y madres del alumnado de 1\u00ba de ESO (una persona por alumno\/a dado el aforo del Sal\u00f3n de Actos), dada la especial circunstancia de su incorporaci\u00f3n a una nueva etapa y a un nuevo centro. En un segundo momento, el alumnado acompa\u00f1ar\u00e1 a su tutor\/a a su aula respectiva para detallar otras informaciones y el horario del grupo. Por ello, es necesario que ese d\u00eda el alumnado venga provisto de papel y bol\u00edgrafo para tomar nota.<\/p>\n<p>El resto de alumnado ser\u00e1 atendido directamente por los tutores y tutoras de cada grupo en el aula que se indica en el documento.<\/p>\n<p>Es necesario que sepan que nuestro medio de comunicaci\u00f3n habitual es la aplicaci\u00f3n iPASEN, y nuestra p\u00e1gina web (www.iesmaimonides.es). La unidad y el nombre del tutor o tutora del alumnado se publicar\u00e1 en iPasen el viernes 12 de septiembre. Una vez se ha asignado el grupo, as\u00ed como llevada a cabo la matriculaci\u00f3n en las materias optativas, no es posible realizar cambios. Esta medida es necesaria para garantizar la correcta planificaci\u00f3n y organizaci\u00f3n del curso.<\/p>\n","protected":false},"excerpt":{"rendered":"<p>Les informamos de que el alumnado se incorporar\u00e1 al centro el pr\u00f3ximo 15 de septiembre, lunes, en el horario que se indica en el siguiente documento: Cuadrante presentaciones grupos. Recomendamos consultar el documento el mismo d\u00eda de la recepci\u00f3n en caso de alguna modificaci\u00f3n. La recepci\u00f3n del alumnado de 1\u00ba de la ESO y 1\u00ba [&hellip;]<\/p>\n","protected":false},"author":5,"featured_media":0,"comment_status":"closed","ping_status":"closed","sticky":false,"template":"","format":"standard","meta":{"_jetpack_memberships_contains_paid_content":false,"footnotes":""},"categories":[1],"tags":[],"class_list":["post-1896","post","type-post","status-publish","format-standard","hentry","category-uncategorized"],"jetpack_featured_media_url":"","jetpack_sharing_enabled":true,"_links":{"self":[{"href":"https:\/\/iesmaimonides.es\/index.php?rest_route=\/wp\/v2\/posts\/1896","targetHints":{"allow":["GET"]}}],"collection":[{"href":"https:\/\/iesmaimonides.es\/index.php?rest_route=\/wp\/v2\/posts"}],"about":[{"href":"https:\/\/iesmaimonides.es\/index.php?rest_route=\/wp\/v2\/types\/post"}],"author":[{"embeddable":true,"href":"https:\/\/iesmaimonides.es\/index.php?rest_route=\/wp\/v2\/users\/5"}],"replies":[{"embeddable":true,"href":"https:\/\/iesmaimonides.es\/index.php?rest_route=%2Fwp%2Fv2%2Fcomments&post=1896"}],"version-history":[{"count":7,"href":"https:\/\/iesmaimonides.es\/index.php?rest_route=\/wp\/v2\/posts\/1896\/revisions"}],"predecessor-version":[{"id":1904,"href":"https:\/\/iesmaimonides.es\/index.php?rest_route=\/wp\/v2\/posts\/1896\/revisions\/1904"}],"wp:attachment":[{"href":"https:\/\/iesmaimonides.es\/index.php?rest_route=%2Fwp%2Fv2%2Fmedia&parent=1896"}],"wp:term":[{"taxonomy":"category","embeddable":true,"href":"https:\/\/iesmaimonides.es\/index.php?rest_route=%2Fwp%2Fv2%2Fcategories&post=1896"},{"taxonomy":"post_tag","embeddable":true,"href":"https:\/\/iesmaimonides.es\/index.php?rest_route=%2Fwp%2Fv2%2Ftags&post=1896"}],"curies":[{"name":"wp","href":"https:\/\/api.w.org\/{rel}","templated":true}]}}