{"id":1703,"date":"2025-04-29T05:48:07","date_gmt":"2025-04-29T04:48:07","guid":{"rendered":"https:\/\/iesmaimonides.es\/?p=1703"},"modified":"2025-04-29T05:48:07","modified_gmt":"2025-04-29T04:48:07","slug":"actividad-en-los-centros-educativos-el-dia-29-de-abril-de-2025","status":"publish","type":"post","link":"https:\/\/iesmaimonides.es\/?p=1703","title":{"rendered":"Actividad en los centros educativos el d\u00eda 29 de abril de 2025"},"content":{"rendered":"<p>Estimadas familias y alumnado:<\/p>\n<p>Seg\u00fan informaci\u00f3n recibida desde la Consejer\u00eda de Educaci\u00f3n, vista la situaci\u00f3n operativa 3 del Plan Territorial de Emergencias para Andaluc\u00eda, y siguiendo las indicaciones del Gobierno de Espa\u00f1a, el 29 de abril de 2025 nuestro centro permanecer\u00e1 abierto, pero sin actividad lectiva.<\/p>\n<p>Con el deseo de que la situaci\u00f3n haya quedado resuelta, les enviamos un cordial saludo.<\/p>\n","protected":false},"excerpt":{"rendered":"<p>Estimadas familias y alumnado: Seg\u00fan informaci\u00f3n recibida desde la Consejer\u00eda de Educaci\u00f3n, vista la situaci\u00f3n operativa 3 del Plan Territorial de Emergencias para Andaluc\u00eda, y siguiendo las indicaciones del Gobierno de Espa\u00f1a, el 29 de abril de 2025 nuestro centro permanecer\u00e1 abierto, pero sin actividad lectiva. Con el deseo de que la situaci\u00f3n haya quedado [&hellip;]<\/p>\n","protected":false},"author":3,"featured_media":0,"comment_status":"closed","ping_status":"closed","sticky":false,"template":"","format":"standard","meta":{"_jetpack_memberships_contains_paid_content":false,"footnotes":""},"categories":[1],"tags":[],"class_list":["post-1703","post","type-post","status-publish","format-standard","hentry","category-uncategorized"],"jetpack_featured_media_url":"","jetpack_sharing_enabled":true,"_links":{"self":[{"href":"https:\/\/iesmaimonides.es\/index.php?rest_route=\/wp\/v2\/posts\/1703","targetHints":{"allow":["GET"]}}],"collection":[{"href":"https:\/\/iesmaimonides.es\/index.php?rest_route=\/wp\/v2\/posts"}],"about":[{"href":"https:\/\/iesmaimonides.es\/index.php?rest_route=\/wp\/v2\/types\/post"}],"author":[{"embeddable":true,"href":"https:\/\/iesmaimonides.es\/index.php?rest_route=\/wp\/v2\/users\/3"}],"replies":[{"embeddable":true,"href":"https:\/\/iesmaimonides.es\/index.php?rest_route=%2Fwp%2Fv2%2Fcomments&post=1703"}],"version-history":[{"count":1,"href":"https:\/\/iesmaimonides.es\/index.php?rest_route=\/wp\/v2\/posts\/1703\/revisions"}],"predecessor-version":[{"id":1704,"href":"https:\/\/iesmaimonides.es\/index.php?rest_route=\/wp\/v2\/posts\/1703\/revisions\/1704"}],"wp:attachment":[{"href":"https:\/\/iesmaimonides.es\/index.php?rest_route=%2Fwp%2Fv2%2Fmedia&parent=1703"}],"wp:term":[{"taxonomy":"category","embeddable":true,"href":"https:\/\/iesmaimonides.es\/index.php?rest_route=%2Fwp%2Fv2%2Fcategories&post=1703"},{"taxonomy":"post_tag","embeddable":true,"href":"https:\/\/iesmaimonides.es\/index.php?rest_route=%2Fwp%2Fv2%2Ftags&post=1703"}],"curies":[{"name":"wp","href":"https:\/\/api.w.org\/{rel}","templated":true}]}}