{"id":1631,"date":"2024-09-10T12:01:34","date_gmt":"2024-09-10T11:01:34","guid":{"rendered":"https:\/\/iesmaimonides.es\/?p=1631"},"modified":"2024-09-10T12:01:34","modified_gmt":"2024-09-10T11:01:34","slug":"calendario-presentaciones-inicio-de-curso-2024-2025","status":"publish","type":"post","link":"https:\/\/iesmaimonides.es\/?p=1631","title":{"rendered":"CALENDARIO PRESENTACIONES INICIO DE CURSO 2024\/2025"},"content":{"rendered":"<p>Les informamos que, el pr\u00f3ximo 16 de septiembre, tendr\u00e1 inicio el curso escolar 2024\/2025. En el cuadro que se adjunta, pueden ver el lugar y la hora en la que ser\u00e1 recibido el alumnado de las diferentes ense\u00f1anzas.<\/p>\n<p>Adem\u00e1s, la unidad y el nombre del tutor o tutora del alumnado se publicar\u00e1 en iPasen el viernes 13 de septiembre.<\/p>\n<p>En el caso de 1\u00ba de ESO y de 1\u00ba de los CF de Grado B\u00e1sico, nos gustar\u00eda invitar a un familiar por alumno para que puedan acompa\u00f1arlos en su primer d\u00eda de instituto.<\/p>\n<h3>Este calendario puede sufrir alguna modificaci\u00f3n, por lo que les rogamos que lo consulten el d\u00eda anterior al inicio de curso.<\/h3>\n<p>&nbsp;<\/p>\n<p><a href=\"https:\/\/docs.google.com\/document\/d\/1tm5I9vEv0JsTqvSsQMFywpZrBuCF5ZOR\/edit?usp=sharing&amp;ouid=111708689366138493468&amp;rtpof=true&amp;sd=true\">CALENDARIO INICIO DE CURSO 2024\/2025<\/a><\/p>\n<p>&nbsp;<\/p>\n<h3><\/h3>\n","protected":false},"excerpt":{"rendered":"<p>Les informamos que, el pr\u00f3ximo 16 de septiembre, tendr\u00e1 inicio el curso escolar 2024\/2025. En el cuadro que se adjunta, pueden ver el lugar y la hora en la que ser\u00e1 recibido el alumnado de las diferentes ense\u00f1anzas. Adem\u00e1s, la unidad y el nombre del tutor o tutora del alumnado se publicar\u00e1 en iPasen el [&hellip;]<\/p>\n","protected":false},"author":3,"featured_media":0,"comment_status":"closed","ping_status":"closed","sticky":false,"template":"","format":"standard","meta":{"_jetpack_memberships_contains_paid_content":false,"footnotes":""},"categories":[1],"tags":[],"class_list":["post-1631","post","type-post","status-publish","format-standard","hentry","category-uncategorized"],"jetpack_featured_media_url":"","jetpack_sharing_enabled":true,"_links":{"self":[{"href":"https:\/\/iesmaimonides.es\/index.php?rest_route=\/wp\/v2\/posts\/1631","targetHints":{"allow":["GET"]}}],"collection":[{"href":"https:\/\/iesmaimonides.es\/index.php?rest_route=\/wp\/v2\/posts"}],"about":[{"href":"https:\/\/iesmaimonides.es\/index.php?rest_route=\/wp\/v2\/types\/post"}],"author":[{"embeddable":true,"href":"https:\/\/iesmaimonides.es\/index.php?rest_route=\/wp\/v2\/users\/3"}],"replies":[{"embeddable":true,"href":"https:\/\/iesmaimonides.es\/index.php?rest_route=%2Fwp%2Fv2%2Fcomments&post=1631"}],"version-history":[{"count":1,"href":"https:\/\/iesmaimonides.es\/index.php?rest_route=\/wp\/v2\/posts\/1631\/revisions"}],"predecessor-version":[{"id":1632,"href":"https:\/\/iesmaimonides.es\/index.php?rest_route=\/wp\/v2\/posts\/1631\/revisions\/1632"}],"wp:attachment":[{"href":"https:\/\/iesmaimonides.es\/index.php?rest_route=%2Fwp%2Fv2%2Fmedia&parent=1631"}],"wp:term":[{"taxonomy":"category","embeddable":true,"href":"https:\/\/iesmaimonides.es\/index.php?rest_route=%2Fwp%2Fv2%2Fcategories&post=1631"},{"taxonomy":"post_tag","embeddable":true,"href":"https:\/\/iesmaimonides.es\/index.php?rest_route=%2Fwp%2Fv2%2Ftags&post=1631"}],"curies":[{"name":"wp","href":"https:\/\/api.w.org\/{rel}","templated":true}]}}