{"id":1597,"date":"2024-06-21T07:55:41","date_gmt":"2024-06-21T06:55:41","guid":{"rendered":"https:\/\/iesmaimonides.es\/?p=1597"},"modified":"2024-06-21T07:55:41","modified_gmt":"2024-06-21T06:55:41","slug":"noticia-abc-acabar-la-eso-en-palmeras","status":"publish","type":"post","link":"https:\/\/iesmaimonides.es\/?p=1597","title":{"rendered":"Noticia ABC &#8211; Acabar la ESO en Palmeras"},"content":{"rendered":"<p><strong>Rafa Garc\u00eda\u00a0<\/strong>es uno de los\u00a0<strong>35 j\u00f3venes\u00a0<\/strong>de\u00a0<strong>Las Palmeras\u00a0<\/strong>que ayer fueron homenajeados en el campo de f\u00fatbol del barrio por\u00a0<strong>haber completado sus estudios de la ESO<\/strong>. Un hecho que en otros puntos de C\u00f3rdoba ser\u00eda m\u00e1s ordinario pero que es una notable\u00a0<strong>haza\u00f1a\u00a0<\/strong>en este, donde el \u00edndice de\u00a0<strong>fracaso escolar llega a alcanzar al cien por cien<\/strong>\u00a0de los\u00a0<strong>menores<\/strong>.<\/p>\n<p><strong>Rafa c<\/strong><strong>oncluy\u00f3 la ESO\u00a0<\/strong>en el\u00a0<strong>Instituto Maim\u00f3nides\u00a0<\/strong>en 2022. Sus pasos se dirigen ahora por una\u00a0<strong>FP de soldadura<\/strong>, sector laboral con muchas salidas por la falta de mano de obra.<\/p>\n<p><a href=\"https:\/\/www.abc.es\/espana\/andalucia\/cordoba\/acabar-palmeras-merito-alcance-pocos-20240620063654-nts.html?ref=https%3A%2F%2Fwww.abc.es%2Fespana%2Fandalucia%2Fcordoba%2Facabar-palmeras-merito-alcance-pocos-20240620063654-nts.html\">Art\u00edculo completo<\/a><\/p>\n<p>Fuente: ABC &#8211; Alfredo Mart\u00edn-Gorriz<\/p>\n","protected":false},"excerpt":{"rendered":"<p>Rafa Garc\u00eda\u00a0es uno de los\u00a035 j\u00f3venes\u00a0de\u00a0Las Palmeras\u00a0que ayer fueron homenajeados en el campo de f\u00fatbol del barrio por\u00a0haber completado sus estudios de la ESO. Un hecho que en otros puntos de C\u00f3rdoba ser\u00eda m\u00e1s ordinario pero que es una notable\u00a0haza\u00f1a\u00a0en este, donde el \u00edndice de\u00a0fracaso escolar llega a alcanzar al cien por cien\u00a0de los\u00a0menores. Rafa [&hellip;]<\/p>\n","protected":false},"author":1,"featured_media":0,"comment_status":"closed","ping_status":"closed","sticky":false,"template":"","format":"standard","meta":{"_jetpack_memberships_contains_paid_content":false,"footnotes":""},"categories":[17],"tags":[],"class_list":["post-1597","post","type-post","status-publish","format-standard","hentry","category-noticias"],"jetpack_featured_media_url":"","jetpack_sharing_enabled":true,"_links":{"self":[{"href":"https:\/\/iesmaimonides.es\/index.php?rest_route=\/wp\/v2\/posts\/1597","targetHints":{"allow":["GET"]}}],"collection":[{"href":"https:\/\/iesmaimonides.es\/index.php?rest_route=\/wp\/v2\/posts"}],"about":[{"href":"https:\/\/iesmaimonides.es\/index.php?rest_route=\/wp\/v2\/types\/post"}],"author":[{"embeddable":true,"href":"https:\/\/iesmaimonides.es\/index.php?rest_route=\/wp\/v2\/users\/1"}],"replies":[{"embeddable":true,"href":"https:\/\/iesmaimonides.es\/index.php?rest_route=%2Fwp%2Fv2%2Fcomments&post=1597"}],"version-history":[{"count":1,"href":"https:\/\/iesmaimonides.es\/index.php?rest_route=\/wp\/v2\/posts\/1597\/revisions"}],"predecessor-version":[{"id":1598,"href":"https:\/\/iesmaimonides.es\/index.php?rest_route=\/wp\/v2\/posts\/1597\/revisions\/1598"}],"wp:attachment":[{"href":"https:\/\/iesmaimonides.es\/index.php?rest_route=%2Fwp%2Fv2%2Fmedia&parent=1597"}],"wp:term":[{"taxonomy":"category","embeddable":true,"href":"https:\/\/iesmaimonides.es\/index.php?rest_route=%2Fwp%2Fv2%2Fcategories&post=1597"},{"taxonomy":"post_tag","embeddable":true,"href":"https:\/\/iesmaimonides.es\/index.php?rest_route=%2Fwp%2Fv2%2Ftags&post=1597"}],"curies":[{"name":"wp","href":"https:\/\/api.w.org\/{rel}","templated":true}]}}